{"id":1149,"date":"2021-03-15T11:23:06","date_gmt":"2021-03-15T10:23:06","guid":{"rendered":"https:\/\/www.groupe-archimbaud.com\/alain-rousset-president-de-la-region-nouvelle-aquitaine-en-visite-chez-archiblock\/"},"modified":"2021-06-23T16:10:20","modified_gmt":"2021-06-23T15:10:20","slug":"alain-rousset-presidente-de-la-region-de-nueva-aquitania-visita-archiblock","status":"publish","type":"post","link":"https:\/\/www.groupe-archimbaud.com\/es\/alain-rousset-presidente-de-la-region-de-nueva-aquitania-visita-archiblock\/","title":{"rendered":"Alain Rousset, Presidente de la Regi\u00f3n de Nueva Aquitania, visita Archiblock"},"content":{"rendered":"\r\n<p>El jueves 25 de marzo, Alain Rousset, rodeado de una delegaci\u00f3n de concejales, descubri\u00f3 con gran inter\u00e9s el nuevo centro de producci\u00f3n construido por el grupo Archimbaud en Mauz\u00e9-sur-le-Mignon (sur de Deux-S\u00e8vres).<\/p>\r\n<p>Habiendo comenzado la producci\u00f3n en la primavera de 2020,<strong> el primer centro de fabricaci\u00f3n franc\u00e9s de tacos de palets de madera 100% reciclada<\/strong> representa una inversi\u00f3n de 22 millones de euros. Este ambicioso proyecto industrial ha recibido el apoyo financiero de la Regi\u00f3n de Nueva Aquitania para la innovaci\u00f3n y la econom\u00eda circular, as\u00ed como la ayuda de la Ademe para la recuperaci\u00f3n de materiales.<\/p>\r\n<p>Especialmente sensibilizado con los temas de ecolog\u00eda industrial, el Presidente Rousset tambi\u00e9n se mostr\u00f3 muy interesado en otro proyecto de gran escala que se est\u00e1 desarrollando en el grupo: la producci\u00f3n de biohidr\u00f3geno a partir de pellets de madera. Tambi\u00e9n pudo descubrir la nueva soluci\u00f3n constructiva de grandes paneles de madera desarrollada por la oficina de dise\u00f1o de Mellois, BA Bois, y el grupo Th\u00e9bault, habiendo elegido su lugar de prototipado en los locales de Archiblock.<\/p>\r\n<p><img decoding=\"async\" title=\"alain-rousset-archiblock\" src=\"https:\/\/www.groupe-archimbaud.com\/wp-content\/uploads\/2021\/03\/alain-rousset-archiblock.jpg\" alt=\"alain-rousset-archiblock\" width=\"718\" height=\"957\" \/><\/p>\r\n","protected":false},"excerpt":{"rendered":"<p>El jueves 25 de marzo, Alain Rousset, rodeado de una delegaci\u00f3n de concejales, descubri\u00f3 con gran inter\u00e9s el nuevo centro de producci\u00f3n construido por el grupo Archimbaud en Mauz\u00e9-sur-le-Mignon (sur de Deux-S\u00e8vres). Habiendo comenzado la producci\u00f3n en la primavera de 2020, el primer centro de fabricaci\u00f3n franc\u00e9s de tacos de palets de madera 100% reciclada [&hellip;]<\/p>\n","protected":false},"author":1,"featured_media":888,"comment_status":"closed","ping_status":"closed","sticky":false,"template":"","format":"standard","meta":{"_acf_changed":false,"footnotes":""},"categories":[23],"tags":[],"class_list":["post-1149","post","type-post","status-publish","format-standard","has-post-thumbnail","hentry","category-grupo-archimbaud"],"acf":[],"yoast_head":"<!-- This site is optimized with the Yoast SEO plugin v27.5 - https:\/\/yoast.com\/product\/yoast-seo-wordpress\/ -->\n<title>Alain Rousset, Presidente de la Regi\u00f3n de Nueva Aquitania, visita Archiblock - Archimbaud<\/title>\n<meta name=\"robots\" content=\"index, follow, max-snippet:-1, max-image-preview:large, max-video-preview:-1\" \/>\n<link rel=\"canonical\" href=\"https:\/\/www.groupe-archimbaud.com\/es\/alain-rousset-presidente-de-la-region-de-nueva-aquitania-visita-archiblock\/\" \/>\n<meta property=\"og:locale\" content=\"es_ES\" \/>\n<meta property=\"og:type\" content=\"article\" \/>\n<meta property=\"og:title\" content=\"Alain Rousset, Presidente de la Regi\u00f3n de Nueva Aquitania, visita Archiblock - Archimbaud\" \/>\n<meta property=\"og:description\" content=\"El jueves 25 de marzo, Alain Rousset, rodeado de una delegaci\u00f3n de concejales, descubri\u00f3 con gran inter\u00e9s el nuevo centro de producci\u00f3n construido por el grupo Archimbaud en Mauz\u00e9-sur-le-Mignon (sur de Deux-S\u00e8vres). Habiendo comenzado la producci\u00f3n en la primavera de 2020, el primer centro de fabricaci\u00f3n franc\u00e9s de tacos de palets de madera 100% reciclada [&hellip;]\" \/>\n<meta property=\"og:url\" content=\"https:\/\/www.groupe-archimbaud.com\/es\/alain-rousset-presidente-de-la-region-de-nueva-aquitania-visita-archiblock\/\" \/>\n<meta property=\"og:site_name\" content=\"Archimbaud\" \/>\n<meta property=\"article:published_time\" content=\"2021-03-15T10:23:06+00:00\" \/>\n<meta property=\"article:modified_time\" content=\"2021-06-23T15:10:20+00:00\" \/>\n<meta property=\"og:image\" content=\"https:\/\/www.groupe-archimbaud.com\/wp-content\/uploads\/2021\/03\/alain-rousset-archiblock.jpg\" \/>\n\t<meta property=\"og:image:width\" content=\"718\" \/>\n\t<meta property=\"og:image:height\" content=\"957\" \/>\n\t<meta property=\"og:image:type\" content=\"image\/jpeg\" \/>\n<meta name=\"author\" content=\"cyberscope\" \/>\n<meta name=\"twitter:card\" content=\"summary_large_image\" \/>\n<meta name=\"twitter:label1\" content=\"Escrito por\" \/>\n\t<meta name=\"twitter:data1\" content=\"cyberscope\" \/>\n\t<meta name=\"twitter:label2\" content=\"Tiempo de lectura\" \/>\n\t<meta name=\"twitter:data2\" content=\"1 minuto\" \/>\n<script type=\"application\/ld+json\" class=\"yoast-schema-graph\">{\"@context\":\"https:\\\/\\\/schema.org\",\"@graph\":[{\"@type\":\"Article\",\"@id\":\"https:\\\/\\\/www.groupe-archimbaud.com\\\/es\\\/alain-rousset-presidente-de-la-region-de-nueva-aquitania-visita-archiblock\\\/#article\",\"isPartOf\":{\"@id\":\"https:\\\/\\\/www.groupe-archimbaud.com\\\/es\\\/alain-rousset-presidente-de-la-region-de-nueva-aquitania-visita-archiblock\\\/\"},\"author\":{\"name\":\"cyberscope\",\"@id\":\"https:\\\/\\\/www.groupe-archimbaud.com\\\/es\\\/#\\\/schema\\\/person\\\/1e2646db7da374c75d3c4925de2bbae3\"},\"headline\":\"Alain Rousset, Presidente de la Regi\u00f3n de Nueva Aquitania, visita Archiblock\",\"datePublished\":\"2021-03-15T10:23:06+00:00\",\"dateModified\":\"2021-06-23T15:10:20+00:00\",\"mainEntityOfPage\":{\"@id\":\"https:\\\/\\\/www.groupe-archimbaud.com\\\/es\\\/alain-rousset-presidente-de-la-region-de-nueva-aquitania-visita-archiblock\\\/\"},\"wordCount\":202,\"image\":{\"@id\":\"https:\\\/\\\/www.groupe-archimbaud.com\\\/es\\\/alain-rousset-presidente-de-la-region-de-nueva-aquitania-visita-archiblock\\\/#primaryimage\"},\"thumbnailUrl\":\"https:\\\/\\\/www.groupe-archimbaud.com\\\/wp-content\\\/uploads\\\/2021\\\/03\\\/alain-rousset-archiblock.jpg\",\"articleSection\":[\"Grupo Archimbaud\"],\"inLanguage\":\"es\"},{\"@type\":\"WebPage\",\"@id\":\"https:\\\/\\\/www.groupe-archimbaud.com\\\/es\\\/alain-rousset-presidente-de-la-region-de-nueva-aquitania-visita-archiblock\\\/\",\"url\":\"https:\\\/\\\/www.groupe-archimbaud.com\\\/es\\\/alain-rousset-presidente-de-la-region-de-nueva-aquitania-visita-archiblock\\\/\",\"name\":\"Alain Rousset, Presidente de la Regi\u00f3n de Nueva Aquitania, visita Archiblock - Archimbaud\",\"isPartOf\":{\"@id\":\"https:\\\/\\\/www.groupe-archimbaud.com\\\/es\\\/#website\"},\"primaryImageOfPage\":{\"@id\":\"https:\\\/\\\/www.groupe-archimbaud.com\\\/es\\\/alain-rousset-presidente-de-la-region-de-nueva-aquitania-visita-archiblock\\\/#primaryimage\"},\"image\":{\"@id\":\"https:\\\/\\\/www.groupe-archimbaud.com\\\/es\\\/alain-rousset-presidente-de-la-region-de-nueva-aquitania-visita-archiblock\\\/#primaryimage\"},\"thumbnailUrl\":\"https:\\\/\\\/www.groupe-archimbaud.com\\\/wp-content\\\/uploads\\\/2021\\\/03\\\/alain-rousset-archiblock.jpg\",\"datePublished\":\"2021-03-15T10:23:06+00:00\",\"dateModified\":\"2021-06-23T15:10:20+00:00\",\"author\":{\"@id\":\"https:\\\/\\\/www.groupe-archimbaud.com\\\/es\\\/#\\\/schema\\\/person\\\/1e2646db7da374c75d3c4925de2bbae3\"},\"breadcrumb\":{\"@id\":\"https:\\\/\\\/www.groupe-archimbaud.com\\\/es\\\/alain-rousset-presidente-de-la-region-de-nueva-aquitania-visita-archiblock\\\/#breadcrumb\"},\"inLanguage\":\"es\",\"potentialAction\":[{\"@type\":\"ReadAction\",\"target\":[\"https:\\\/\\\/www.groupe-archimbaud.com\\\/es\\\/alain-rousset-presidente-de-la-region-de-nueva-aquitania-visita-archiblock\\\/\"]}]},{\"@type\":\"ImageObject\",\"inLanguage\":\"es\",\"@id\":\"https:\\\/\\\/www.groupe-archimbaud.com\\\/es\\\/alain-rousset-presidente-de-la-region-de-nueva-aquitania-visita-archiblock\\\/#primaryimage\",\"url\":\"https:\\\/\\\/www.groupe-archimbaud.com\\\/wp-content\\\/uploads\\\/2021\\\/03\\\/alain-rousset-archiblock.jpg\",\"contentUrl\":\"https:\\\/\\\/www.groupe-archimbaud.com\\\/wp-content\\\/uploads\\\/2021\\\/03\\\/alain-rousset-archiblock.jpg\",\"width\":718,\"height\":957},{\"@type\":\"BreadcrumbList\",\"@id\":\"https:\\\/\\\/www.groupe-archimbaud.com\\\/es\\\/alain-rousset-presidente-de-la-region-de-nueva-aquitania-visita-archiblock\\\/#breadcrumb\",\"itemListElement\":[{\"@type\":\"ListItem\",\"position\":1,\"name\":\"Accueil\",\"item\":\"https:\\\/\\\/www.groupe-archimbaud.com\\\/es\\\/\"},{\"@type\":\"ListItem\",\"position\":2,\"name\":\"Grupo Archimbaud\",\"item\":\"https:\\\/\\\/www.groupe-archimbaud.com\\\/es\\\/grupo-archimbaud\\\/\"},{\"@type\":\"ListItem\",\"position\":3,\"name\":\"Alain Rousset, Presidente de la Regi\u00f3n de Nueva Aquitania, visita Archiblock\"}]},{\"@type\":\"WebSite\",\"@id\":\"https:\\\/\\\/www.groupe-archimbaud.com\\\/es\\\/#website\",\"url\":\"https:\\\/\\\/www.groupe-archimbaud.com\\\/es\\\/\",\"name\":\"Archimbaud\",\"description\":\"\",\"potentialAction\":[{\"@type\":\"SearchAction\",\"target\":{\"@type\":\"EntryPoint\",\"urlTemplate\":\"https:\\\/\\\/www.groupe-archimbaud.com\\\/es\\\/?s={search_term_string}\"},\"query-input\":{\"@type\":\"PropertyValueSpecification\",\"valueRequired\":true,\"valueName\":\"search_term_string\"}}],\"inLanguage\":\"es\"},{\"@type\":\"Person\",\"@id\":\"https:\\\/\\\/www.groupe-archimbaud.com\\\/es\\\/#\\\/schema\\\/person\\\/1e2646db7da374c75d3c4925de2bbae3\",\"name\":\"cyberscope\",\"image\":{\"@type\":\"ImageObject\",\"inLanguage\":\"es\",\"@id\":\"https:\\\/\\\/secure.gravatar.com\\\/avatar\\\/0be52e455c7164093c6a9715f6cb9dab5a89a27f4f61bb2c5282491dc426daa4?s=96&d=mm&r=g\",\"url\":\"https:\\\/\\\/secure.gravatar.com\\\/avatar\\\/0be52e455c7164093c6a9715f6cb9dab5a89a27f4f61bb2c5282491dc426daa4?s=96&d=mm&r=g\",\"contentUrl\":\"https:\\\/\\\/secure.gravatar.com\\\/avatar\\\/0be52e455c7164093c6a9715f6cb9dab5a89a27f4f61bb2c5282491dc426daa4?s=96&d=mm&r=g\",\"caption\":\"cyberscope\"}}]}<\/script>\n<!-- \/ Yoast SEO plugin. -->","yoast_head_json":{"title":"Alain Rousset, Presidente de la Regi\u00f3n de Nueva Aquitania, visita Archiblock - Archimbaud","robots":{"index":"index","follow":"follow","max-snippet":"max-snippet:-1","max-image-preview":"max-image-preview:large","max-video-preview":"max-video-preview:-1"},"canonical":"https:\/\/www.groupe-archimbaud.com\/es\/alain-rousset-presidente-de-la-region-de-nueva-aquitania-visita-archiblock\/","og_locale":"es_ES","og_type":"article","og_title":"Alain Rousset, Presidente de la Regi\u00f3n de Nueva Aquitania, visita Archiblock - Archimbaud","og_description":"El jueves 25 de marzo, Alain Rousset, rodeado de una delegaci\u00f3n de concejales, descubri\u00f3 con gran inter\u00e9s el nuevo centro de producci\u00f3n construido por el grupo Archimbaud en Mauz\u00e9-sur-le-Mignon (sur de Deux-S\u00e8vres). Habiendo comenzado la producci\u00f3n en la primavera de 2020, el primer centro de fabricaci\u00f3n franc\u00e9s de tacos de palets de madera 100% reciclada [&hellip;]","og_url":"https:\/\/www.groupe-archimbaud.com\/es\/alain-rousset-presidente-de-la-region-de-nueva-aquitania-visita-archiblock\/","og_site_name":"Archimbaud","article_published_time":"2021-03-15T10:23:06+00:00","article_modified_time":"2021-06-23T15:10:20+00:00","og_image":[{"width":718,"height":957,"url":"https:\/\/www.groupe-archimbaud.com\/wp-content\/uploads\/2021\/03\/alain-rousset-archiblock.jpg","type":"image\/jpeg"}],"author":"cyberscope","twitter_card":"summary_large_image","twitter_misc":{"Escrito por":"cyberscope","Tiempo de lectura":"1 minuto"},"schema":{"@context":"https:\/\/schema.org","@graph":[{"@type":"Article","@id":"https:\/\/www.groupe-archimbaud.com\/es\/alain-rousset-presidente-de-la-region-de-nueva-aquitania-visita-archiblock\/#article","isPartOf":{"@id":"https:\/\/www.groupe-archimbaud.com\/es\/alain-rousset-presidente-de-la-region-de-nueva-aquitania-visita-archiblock\/"},"author":{"name":"cyberscope","@id":"https:\/\/www.groupe-archimbaud.com\/es\/#\/schema\/person\/1e2646db7da374c75d3c4925de2bbae3"},"headline":"Alain Rousset, Presidente de la Regi\u00f3n de Nueva Aquitania, visita Archiblock","datePublished":"2021-03-15T10:23:06+00:00","dateModified":"2021-06-23T15:10:20+00:00","mainEntityOfPage":{"@id":"https:\/\/www.groupe-archimbaud.com\/es\/alain-rousset-presidente-de-la-region-de-nueva-aquitania-visita-archiblock\/"},"wordCount":202,"image":{"@id":"https:\/\/www.groupe-archimbaud.com\/es\/alain-rousset-presidente-de-la-region-de-nueva-aquitania-visita-archiblock\/#primaryimage"},"thumbnailUrl":"https:\/\/www.groupe-archimbaud.com\/wp-content\/uploads\/2021\/03\/alain-rousset-archiblock.jpg","articleSection":["Grupo Archimbaud"],"inLanguage":"es"},{"@type":"WebPage","@id":"https:\/\/www.groupe-archimbaud.com\/es\/alain-rousset-presidente-de-la-region-de-nueva-aquitania-visita-archiblock\/","url":"https:\/\/www.groupe-archimbaud.com\/es\/alain-rousset-presidente-de-la-region-de-nueva-aquitania-visita-archiblock\/","name":"Alain Rousset, Presidente de la Regi\u00f3n de Nueva Aquitania, visita Archiblock - Archimbaud","isPartOf":{"@id":"https:\/\/www.groupe-archimbaud.com\/es\/#website"},"primaryImageOfPage":{"@id":"https:\/\/www.groupe-archimbaud.com\/es\/alain-rousset-presidente-de-la-region-de-nueva-aquitania-visita-archiblock\/#primaryimage"},"image":{"@id":"https:\/\/www.groupe-archimbaud.com\/es\/alain-rousset-presidente-de-la-region-de-nueva-aquitania-visita-archiblock\/#primaryimage"},"thumbnailUrl":"https:\/\/www.groupe-archimbaud.com\/wp-content\/uploads\/2021\/03\/alain-rousset-archiblock.jpg","datePublished":"2021-03-15T10:23:06+00:00","dateModified":"2021-06-23T15:10:20+00:00","author":{"@id":"https:\/\/www.groupe-archimbaud.com\/es\/#\/schema\/person\/1e2646db7da374c75d3c4925de2bbae3"},"breadcrumb":{"@id":"https:\/\/www.groupe-archimbaud.com\/es\/alain-rousset-presidente-de-la-region-de-nueva-aquitania-visita-archiblock\/#breadcrumb"},"inLanguage":"es","potentialAction":[{"@type":"ReadAction","target":["https:\/\/www.groupe-archimbaud.com\/es\/alain-rousset-presidente-de-la-region-de-nueva-aquitania-visita-archiblock\/"]}]},{"@type":"ImageObject","inLanguage":"es","@id":"https:\/\/www.groupe-archimbaud.com\/es\/alain-rousset-presidente-de-la-region-de-nueva-aquitania-visita-archiblock\/#primaryimage","url":"https:\/\/www.groupe-archimbaud.com\/wp-content\/uploads\/2021\/03\/alain-rousset-archiblock.jpg","contentUrl":"https:\/\/www.groupe-archimbaud.com\/wp-content\/uploads\/2021\/03\/alain-rousset-archiblock.jpg","width":718,"height":957},{"@type":"BreadcrumbList","@id":"https:\/\/www.groupe-archimbaud.com\/es\/alain-rousset-presidente-de-la-region-de-nueva-aquitania-visita-archiblock\/#breadcrumb","itemListElement":[{"@type":"ListItem","position":1,"name":"Accueil","item":"https:\/\/www.groupe-archimbaud.com\/es\/"},{"@type":"ListItem","position":2,"name":"Grupo Archimbaud","item":"https:\/\/www.groupe-archimbaud.com\/es\/grupo-archimbaud\/"},{"@type":"ListItem","position":3,"name":"Alain Rousset, Presidente de la Regi\u00f3n de Nueva Aquitania, visita Archiblock"}]},{"@type":"WebSite","@id":"https:\/\/www.groupe-archimbaud.com\/es\/#website","url":"https:\/\/www.groupe-archimbaud.com\/es\/","name":"Archimbaud","description":"","potentialAction":[{"@type":"SearchAction","target":{"@type":"EntryPoint","urlTemplate":"https:\/\/www.groupe-archimbaud.com\/es\/?s={search_term_string}"},"query-input":{"@type":"PropertyValueSpecification","valueRequired":true,"valueName":"search_term_string"}}],"inLanguage":"es"},{"@type":"Person","@id":"https:\/\/www.groupe-archimbaud.com\/es\/#\/schema\/person\/1e2646db7da374c75d3c4925de2bbae3","name":"cyberscope","image":{"@type":"ImageObject","inLanguage":"es","@id":"https:\/\/secure.gravatar.com\/avatar\/0be52e455c7164093c6a9715f6cb9dab5a89a27f4f61bb2c5282491dc426daa4?s=96&d=mm&r=g","url":"https:\/\/secure.gravatar.com\/avatar\/0be52e455c7164093c6a9715f6cb9dab5a89a27f4f61bb2c5282491dc426daa4?s=96&d=mm&r=g","contentUrl":"https:\/\/secure.gravatar.com\/avatar\/0be52e455c7164093c6a9715f6cb9dab5a89a27f4f61bb2c5282491dc426daa4?s=96&d=mm&r=g","caption":"cyberscope"}}]}},"_links":{"self":[{"href":"https:\/\/www.groupe-archimbaud.com\/es\/wp-json\/wp\/v2\/posts\/1149","targetHints":{"allow":["GET"]}}],"collection":[{"href":"https:\/\/www.groupe-archimbaud.com\/es\/wp-json\/wp\/v2\/posts"}],"about":[{"href":"https:\/\/www.groupe-archimbaud.com\/es\/wp-json\/wp\/v2\/types\/post"}],"author":[{"embeddable":true,"href":"https:\/\/www.groupe-archimbaud.com\/es\/wp-json\/wp\/v2\/users\/1"}],"replies":[{"embeddable":true,"href":"https:\/\/www.groupe-archimbaud.com\/es\/wp-json\/wp\/v2\/comments?post=1149"}],"version-history":[{"count":3,"href":"https:\/\/www.groupe-archimbaud.com\/es\/wp-json\/wp\/v2\/posts\/1149\/revisions"}],"predecessor-version":[{"id":1165,"href":"https:\/\/www.groupe-archimbaud.com\/es\/wp-json\/wp\/v2\/posts\/1149\/revisions\/1165"}],"wp:featuredmedia":[{"embeddable":true,"href":"https:\/\/www.groupe-archimbaud.com\/es\/wp-json\/wp\/v2\/media\/888"}],"wp:attachment":[{"href":"https:\/\/www.groupe-archimbaud.com\/es\/wp-json\/wp\/v2\/media?parent=1149"}],"wp:term":[{"taxonomy":"category","embeddable":true,"href":"https:\/\/www.groupe-archimbaud.com\/es\/wp-json\/wp\/v2\/categories?post=1149"},{"taxonomy":"post_tag","embeddable":true,"href":"https:\/\/www.groupe-archimbaud.com\/es\/wp-json\/wp\/v2\/tags?post=1149"}],"curies":[{"name":"wp","href":"https:\/\/api.w.org\/{rel}","templated":true}]}}