{"id":1155,"date":"2021-02-15T11:27:31","date_gmt":"2021-02-15T10:27:31","guid":{"rendered":"https:\/\/www.groupe-archimbaud.com\/archibois-2021\/"},"modified":"2021-06-23T16:10:16","modified_gmt":"2021-06-23T15:10:16","slug":"archibois-2021","status":"publish","type":"post","link":"https:\/\/www.groupe-archimbaud.com\/es\/archibois-2021\/","title":{"rendered":"Archi\u2019bois 2021"},"content":{"rendered":"\r\n<p>En el marco de la tercera edici\u00f3n del concurso, la mesa redonda retransmitida en directo el 9 de febrero sobre el tema \u00ab\u00bfCon qu\u00e9 madera dise\u00f1o?\u00bb brind\u00f3 la oportunidad de intercambiar puntos de vista sobre los numerosos retos que plantean los recursos madereros en la arquitectura contempor\u00e1nea.<\/p>\r\n<p>El encuentro, organizado por St\u00e9phanie Obadia, reuni\u00f3 a Marie Schweitzer, arquitecta y carpintera, Christophe Aubertin, arquitecto y fundador de Studiolada, Jean-Fran\u00e7ois Dh\u00f4te, director de investigaci\u00f3n del INRAE, Marie Jorio, consultora en urbanismo y construcci\u00f3n post-carbono, y J\u00e9r\u00f4me Martinez, responsable de Bois de France.<\/p>\r\n<p><iframe src=\"https:\/\/www.youtube.com\/embed\/5wxnQVwNVJM?feature=oembed&amp;start&amp;end&amp;wmode=opaque&amp;loop=0&amp;controls=1&amp;mute=0&amp;rel=0&amp;modestbranding=0\" allowfullscreen=\"allowfullscreen\"><\/iframe><\/p>\r\n","protected":false},"excerpt":{"rendered":"<p>En el marco de la tercera edici\u00f3n del concurso, la mesa redonda retransmitida en directo el 9 de febrero sobre el tema \u00ab\u00bfCon qu\u00e9 madera dise\u00f1o?\u00bb brind\u00f3 la oportunidad de intercambiar puntos de vista sobre los numerosos retos que plantean los recursos madereros en la arquitectura contempor\u00e1nea. El encuentro, organizado por St\u00e9phanie Obadia, reuni\u00f3 a [&hellip;]<\/p>\n","protected":false},"author":1,"featured_media":461,"comment_status":"closed","ping_status":"closed","sticky":false,"template":"","format":"standard","meta":{"_acf_changed":false,"footnotes":""},"categories":[25],"tags":[],"class_list":["post-1155","post","type-post","status-publish","format-standard","has-post-thumbnail","hentry","category-fondo-archimbaud"],"acf":[],"yoast_head":"<!-- This site is optimized with the Yoast SEO plugin v27.5 - https:\/\/yoast.com\/product\/yoast-seo-wordpress\/ -->\n<title>Archi\u2019bois 2021 - Archimbaud<\/title>\n<meta name=\"robots\" content=\"index, follow, max-snippet:-1, max-image-preview:large, max-video-preview:-1\" \/>\n<link rel=\"canonical\" href=\"https:\/\/www.groupe-archimbaud.com\/es\/archibois-2021\/\" \/>\n<meta property=\"og:locale\" content=\"es_ES\" \/>\n<meta property=\"og:type\" content=\"article\" \/>\n<meta property=\"og:title\" content=\"Archi\u2019bois 2021 - Archimbaud\" \/>\n<meta property=\"og:description\" content=\"En el marco de la tercera edici\u00f3n del concurso, la mesa redonda retransmitida en directo el 9 de febrero sobre el tema \u00ab\u00bfCon qu\u00e9 madera dise\u00f1o?\u00bb brind\u00f3 la oportunidad de intercambiar puntos de vista sobre los numerosos retos que plantean los recursos madereros en la arquitectura contempor\u00e1nea. El encuentro, organizado por St\u00e9phanie Obadia, reuni\u00f3 a [&hellip;]\" \/>\n<meta property=\"og:url\" content=\"https:\/\/www.groupe-archimbaud.com\/es\/archibois-2021\/\" \/>\n<meta property=\"og:site_name\" content=\"Archimbaud\" \/>\n<meta property=\"article:published_time\" content=\"2021-02-15T10:27:31+00:00\" \/>\n<meta property=\"article:modified_time\" content=\"2021-06-23T15:10:16+00:00\" \/>\n<meta property=\"og:image\" content=\"https:\/\/www.groupe-archimbaud.com\/wp-content\/uploads\/2020\/12\/archibois-actu.jpg\" \/>\n\t<meta property=\"og:image:width\" content=\"400\" \/>\n\t<meta property=\"og:image:height\" content=\"265\" \/>\n\t<meta property=\"og:image:type\" content=\"image\/jpeg\" \/>\n<meta name=\"author\" content=\"cyberscope\" \/>\n<meta name=\"twitter:card\" content=\"summary_large_image\" \/>\n<meta name=\"twitter:label1\" content=\"Escrito por\" \/>\n\t<meta name=\"twitter:data1\" content=\"cyberscope\" \/>\n<script type=\"application\/ld+json\" class=\"yoast-schema-graph\">{\"@context\":\"https:\\\/\\\/schema.org\",\"@graph\":[{\"@type\":\"Article\",\"@id\":\"https:\\\/\\\/www.groupe-archimbaud.com\\\/es\\\/archibois-2021\\\/#article\",\"isPartOf\":{\"@id\":\"https:\\\/\\\/www.groupe-archimbaud.com\\\/es\\\/archibois-2021\\\/\"},\"author\":{\"name\":\"cyberscope\",\"@id\":\"https:\\\/\\\/www.groupe-archimbaud.com\\\/es\\\/#\\\/schema\\\/person\\\/1e2646db7da374c75d3c4925de2bbae3\"},\"headline\":\"Archi\u2019bois 2021\",\"datePublished\":\"2021-02-15T10:27:31+00:00\",\"dateModified\":\"2021-06-23T15:10:16+00:00\",\"mainEntityOfPage\":{\"@id\":\"https:\\\/\\\/www.groupe-archimbaud.com\\\/es\\\/archibois-2021\\\/\"},\"wordCount\":101,\"image\":{\"@id\":\"https:\\\/\\\/www.groupe-archimbaud.com\\\/es\\\/archibois-2021\\\/#primaryimage\"},\"thumbnailUrl\":\"https:\\\/\\\/www.groupe-archimbaud.com\\\/wp-content\\\/uploads\\\/2020\\\/12\\\/archibois-actu.jpg\",\"articleSection\":[\"Fondo Archimbaud\"],\"inLanguage\":\"es\"},{\"@type\":\"WebPage\",\"@id\":\"https:\\\/\\\/www.groupe-archimbaud.com\\\/es\\\/archibois-2021\\\/\",\"url\":\"https:\\\/\\\/www.groupe-archimbaud.com\\\/es\\\/archibois-2021\\\/\",\"name\":\"Archi\u2019bois 2021 - Archimbaud\",\"isPartOf\":{\"@id\":\"https:\\\/\\\/www.groupe-archimbaud.com\\\/es\\\/#website\"},\"primaryImageOfPage\":{\"@id\":\"https:\\\/\\\/www.groupe-archimbaud.com\\\/es\\\/archibois-2021\\\/#primaryimage\"},\"image\":{\"@id\":\"https:\\\/\\\/www.groupe-archimbaud.com\\\/es\\\/archibois-2021\\\/#primaryimage\"},\"thumbnailUrl\":\"https:\\\/\\\/www.groupe-archimbaud.com\\\/wp-content\\\/uploads\\\/2020\\\/12\\\/archibois-actu.jpg\",\"datePublished\":\"2021-02-15T10:27:31+00:00\",\"dateModified\":\"2021-06-23T15:10:16+00:00\",\"author\":{\"@id\":\"https:\\\/\\\/www.groupe-archimbaud.com\\\/es\\\/#\\\/schema\\\/person\\\/1e2646db7da374c75d3c4925de2bbae3\"},\"breadcrumb\":{\"@id\":\"https:\\\/\\\/www.groupe-archimbaud.com\\\/es\\\/archibois-2021\\\/#breadcrumb\"},\"inLanguage\":\"es\",\"potentialAction\":[{\"@type\":\"ReadAction\",\"target\":[\"https:\\\/\\\/www.groupe-archimbaud.com\\\/es\\\/archibois-2021\\\/\"]}]},{\"@type\":\"ImageObject\",\"inLanguage\":\"es\",\"@id\":\"https:\\\/\\\/www.groupe-archimbaud.com\\\/es\\\/archibois-2021\\\/#primaryimage\",\"url\":\"https:\\\/\\\/www.groupe-archimbaud.com\\\/wp-content\\\/uploads\\\/2020\\\/12\\\/archibois-actu.jpg\",\"contentUrl\":\"https:\\\/\\\/www.groupe-archimbaud.com\\\/wp-content\\\/uploads\\\/2020\\\/12\\\/archibois-actu.jpg\",\"width\":400,\"height\":265},{\"@type\":\"BreadcrumbList\",\"@id\":\"https:\\\/\\\/www.groupe-archimbaud.com\\\/es\\\/archibois-2021\\\/#breadcrumb\",\"itemListElement\":[{\"@type\":\"ListItem\",\"position\":1,\"name\":\"Accueil\",\"item\":\"https:\\\/\\\/www.groupe-archimbaud.com\\\/es\\\/\"},{\"@type\":\"ListItem\",\"position\":2,\"name\":\"Fondo Archimbaud\",\"item\":\"https:\\\/\\\/www.groupe-archimbaud.com\\\/es\\\/fondo-archimbaud\\\/\"},{\"@type\":\"ListItem\",\"position\":3,\"name\":\"Archi\u2019bois 2021\"}]},{\"@type\":\"WebSite\",\"@id\":\"https:\\\/\\\/www.groupe-archimbaud.com\\\/es\\\/#website\",\"url\":\"https:\\\/\\\/www.groupe-archimbaud.com\\\/es\\\/\",\"name\":\"Archimbaud\",\"description\":\"\",\"potentialAction\":[{\"@type\":\"SearchAction\",\"target\":{\"@type\":\"EntryPoint\",\"urlTemplate\":\"https:\\\/\\\/www.groupe-archimbaud.com\\\/es\\\/?s={search_term_string}\"},\"query-input\":{\"@type\":\"PropertyValueSpecification\",\"valueRequired\":true,\"valueName\":\"search_term_string\"}}],\"inLanguage\":\"es\"},{\"@type\":\"Person\",\"@id\":\"https:\\\/\\\/www.groupe-archimbaud.com\\\/es\\\/#\\\/schema\\\/person\\\/1e2646db7da374c75d3c4925de2bbae3\",\"name\":\"cyberscope\",\"image\":{\"@type\":\"ImageObject\",\"inLanguage\":\"es\",\"@id\":\"https:\\\/\\\/secure.gravatar.com\\\/avatar\\\/0be52e455c7164093c6a9715f6cb9dab5a89a27f4f61bb2c5282491dc426daa4?s=96&d=mm&r=g\",\"url\":\"https:\\\/\\\/secure.gravatar.com\\\/avatar\\\/0be52e455c7164093c6a9715f6cb9dab5a89a27f4f61bb2c5282491dc426daa4?s=96&d=mm&r=g\",\"contentUrl\":\"https:\\\/\\\/secure.gravatar.com\\\/avatar\\\/0be52e455c7164093c6a9715f6cb9dab5a89a27f4f61bb2c5282491dc426daa4?s=96&d=mm&r=g\",\"caption\":\"cyberscope\"}}]}<\/script>\n<!-- \/ Yoast SEO plugin. -->","yoast_head_json":{"title":"Archi\u2019bois 2021 - Archimbaud","robots":{"index":"index","follow":"follow","max-snippet":"max-snippet:-1","max-image-preview":"max-image-preview:large","max-video-preview":"max-video-preview:-1"},"canonical":"https:\/\/www.groupe-archimbaud.com\/es\/archibois-2021\/","og_locale":"es_ES","og_type":"article","og_title":"Archi\u2019bois 2021 - Archimbaud","og_description":"En el marco de la tercera edici\u00f3n del concurso, la mesa redonda retransmitida en directo el 9 de febrero sobre el tema \u00ab\u00bfCon qu\u00e9 madera dise\u00f1o?\u00bb brind\u00f3 la oportunidad de intercambiar puntos de vista sobre los numerosos retos que plantean los recursos madereros en la arquitectura contempor\u00e1nea. El encuentro, organizado por St\u00e9phanie Obadia, reuni\u00f3 a [&hellip;]","og_url":"https:\/\/www.groupe-archimbaud.com\/es\/archibois-2021\/","og_site_name":"Archimbaud","article_published_time":"2021-02-15T10:27:31+00:00","article_modified_time":"2021-06-23T15:10:16+00:00","og_image":[{"width":400,"height":265,"url":"https:\/\/www.groupe-archimbaud.com\/wp-content\/uploads\/2020\/12\/archibois-actu.jpg","type":"image\/jpeg"}],"author":"cyberscope","twitter_card":"summary_large_image","twitter_misc":{"Escrito por":"cyberscope"},"schema":{"@context":"https:\/\/schema.org","@graph":[{"@type":"Article","@id":"https:\/\/www.groupe-archimbaud.com\/es\/archibois-2021\/#article","isPartOf":{"@id":"https:\/\/www.groupe-archimbaud.com\/es\/archibois-2021\/"},"author":{"name":"cyberscope","@id":"https:\/\/www.groupe-archimbaud.com\/es\/#\/schema\/person\/1e2646db7da374c75d3c4925de2bbae3"},"headline":"Archi\u2019bois 2021","datePublished":"2021-02-15T10:27:31+00:00","dateModified":"2021-06-23T15:10:16+00:00","mainEntityOfPage":{"@id":"https:\/\/www.groupe-archimbaud.com\/es\/archibois-2021\/"},"wordCount":101,"image":{"@id":"https:\/\/www.groupe-archimbaud.com\/es\/archibois-2021\/#primaryimage"},"thumbnailUrl":"https:\/\/www.groupe-archimbaud.com\/wp-content\/uploads\/2020\/12\/archibois-actu.jpg","articleSection":["Fondo Archimbaud"],"inLanguage":"es"},{"@type":"WebPage","@id":"https:\/\/www.groupe-archimbaud.com\/es\/archibois-2021\/","url":"https:\/\/www.groupe-archimbaud.com\/es\/archibois-2021\/","name":"Archi\u2019bois 2021 - Archimbaud","isPartOf":{"@id":"https:\/\/www.groupe-archimbaud.com\/es\/#website"},"primaryImageOfPage":{"@id":"https:\/\/www.groupe-archimbaud.com\/es\/archibois-2021\/#primaryimage"},"image":{"@id":"https:\/\/www.groupe-archimbaud.com\/es\/archibois-2021\/#primaryimage"},"thumbnailUrl":"https:\/\/www.groupe-archimbaud.com\/wp-content\/uploads\/2020\/12\/archibois-actu.jpg","datePublished":"2021-02-15T10:27:31+00:00","dateModified":"2021-06-23T15:10:16+00:00","author":{"@id":"https:\/\/www.groupe-archimbaud.com\/es\/#\/schema\/person\/1e2646db7da374c75d3c4925de2bbae3"},"breadcrumb":{"@id":"https:\/\/www.groupe-archimbaud.com\/es\/archibois-2021\/#breadcrumb"},"inLanguage":"es","potentialAction":[{"@type":"ReadAction","target":["https:\/\/www.groupe-archimbaud.com\/es\/archibois-2021\/"]}]},{"@type":"ImageObject","inLanguage":"es","@id":"https:\/\/www.groupe-archimbaud.com\/es\/archibois-2021\/#primaryimage","url":"https:\/\/www.groupe-archimbaud.com\/wp-content\/uploads\/2020\/12\/archibois-actu.jpg","contentUrl":"https:\/\/www.groupe-archimbaud.com\/wp-content\/uploads\/2020\/12\/archibois-actu.jpg","width":400,"height":265},{"@type":"BreadcrumbList","@id":"https:\/\/www.groupe-archimbaud.com\/es\/archibois-2021\/#breadcrumb","itemListElement":[{"@type":"ListItem","position":1,"name":"Accueil","item":"https:\/\/www.groupe-archimbaud.com\/es\/"},{"@type":"ListItem","position":2,"name":"Fondo Archimbaud","item":"https:\/\/www.groupe-archimbaud.com\/es\/fondo-archimbaud\/"},{"@type":"ListItem","position":3,"name":"Archi\u2019bois 2021"}]},{"@type":"WebSite","@id":"https:\/\/www.groupe-archimbaud.com\/es\/#website","url":"https:\/\/www.groupe-archimbaud.com\/es\/","name":"Archimbaud","description":"","potentialAction":[{"@type":"SearchAction","target":{"@type":"EntryPoint","urlTemplate":"https:\/\/www.groupe-archimbaud.com\/es\/?s={search_term_string}"},"query-input":{"@type":"PropertyValueSpecification","valueRequired":true,"valueName":"search_term_string"}}],"inLanguage":"es"},{"@type":"Person","@id":"https:\/\/www.groupe-archimbaud.com\/es\/#\/schema\/person\/1e2646db7da374c75d3c4925de2bbae3","name":"cyberscope","image":{"@type":"ImageObject","inLanguage":"es","@id":"https:\/\/secure.gravatar.com\/avatar\/0be52e455c7164093c6a9715f6cb9dab5a89a27f4f61bb2c5282491dc426daa4?s=96&d=mm&r=g","url":"https:\/\/secure.gravatar.com\/avatar\/0be52e455c7164093c6a9715f6cb9dab5a89a27f4f61bb2c5282491dc426daa4?s=96&d=mm&r=g","contentUrl":"https:\/\/secure.gravatar.com\/avatar\/0be52e455c7164093c6a9715f6cb9dab5a89a27f4f61bb2c5282491dc426daa4?s=96&d=mm&r=g","caption":"cyberscope"}}]}},"_links":{"self":[{"href":"https:\/\/www.groupe-archimbaud.com\/es\/wp-json\/wp\/v2\/posts\/1155","targetHints":{"allow":["GET"]}}],"collection":[{"href":"https:\/\/www.groupe-archimbaud.com\/es\/wp-json\/wp\/v2\/posts"}],"about":[{"href":"https:\/\/www.groupe-archimbaud.com\/es\/wp-json\/wp\/v2\/types\/post"}],"author":[{"embeddable":true,"href":"https:\/\/www.groupe-archimbaud.com\/es\/wp-json\/wp\/v2\/users\/1"}],"replies":[{"embeddable":true,"href":"https:\/\/www.groupe-archimbaud.com\/es\/wp-json\/wp\/v2\/comments?post=1155"}],"version-history":[{"count":3,"href":"https:\/\/www.groupe-archimbaud.com\/es\/wp-json\/wp\/v2\/posts\/1155\/revisions"}],"predecessor-version":[{"id":1164,"href":"https:\/\/www.groupe-archimbaud.com\/es\/wp-json\/wp\/v2\/posts\/1155\/revisions\/1164"}],"wp:featuredmedia":[{"embeddable":true,"href":"https:\/\/www.groupe-archimbaud.com\/es\/wp-json\/wp\/v2\/media\/461"}],"wp:attachment":[{"href":"https:\/\/www.groupe-archimbaud.com\/es\/wp-json\/wp\/v2\/media?parent=1155"}],"wp:term":[{"taxonomy":"category","embeddable":true,"href":"https:\/\/www.groupe-archimbaud.com\/es\/wp-json\/wp\/v2\/categories?post=1155"},{"taxonomy":"post_tag","embeddable":true,"href":"https:\/\/www.groupe-archimbaud.com\/es\/wp-json\/wp\/v2\/tags?post=1155"}],"curies":[{"name":"wp","href":"https:\/\/api.w.org\/{rel}","templated":true}]}}