{"id":1159,"date":"2020-05-15T11:02:27","date_gmt":"2020-05-15T10:02:27","guid":{"rendered":"https:\/\/www.groupe-archimbaud.com\/le-peuplier-groupement-pour-un-arbre-emblematique\/"},"modified":"2021-06-23T16:09:09","modified_gmt":"2021-06-23T15:09:09","slug":"el-alamo-un-arbol-emblematico","status":"publish","type":"post","link":"https:\/\/www.groupe-archimbaud.com\/es\/el-alamo-un-arbol-emblematico\/","title":{"rendered":"El \u00e1lamo &#8211; Un \u00e1rbol emblem\u00e1tico"},"content":{"rendered":"\n\n\t\n<p>El Groupement Forestier des Peupliers, creado por el Grupo Archimbaud en 2015, trabaja actualmente en 230 hect\u00e1reas con una masa de 40.000 \u00e1rboles de diferentes edades y reforesta 35 hect\u00e1reas cada a\u00f1o. Especialmente ecol\u00f3gico por su r\u00e1pido crecimiento -una hect\u00e1rea de plantaci\u00f3n capta 5 toneladas de CO2 al a\u00f1o-, el \u00e1lamo depura el agua que filtra mediante la fotos\u00edntesis y la libera en forma de ox\u00edgeno. Como miembro de la carta \u00abGracias \u00e1lamo\u00bb, el Grupo Archimbaud se propone contribuir a la seguridad de la industria de transformaci\u00f3n mediante su compromiso.<\/p>\n\t\t\t\t<img decoding=\"async\" src=\"https:\/\/www.groupe-archimbaud.com\/wp-content\/uploads\/2020\/12\/peuplier-actu.jpg\" alt=\"peuplier-actu\" itemprop=\"image\" height=\"267\" width=\"400\" title=\"peuplier-actu\" onerror=\"this.style.display='none'\"  \/>\n\n","protected":false},"excerpt":{"rendered":"<p>El Groupement Forestier des Peupliers, creado por el Grupo Archimbaud en 2015, trabaja actualmente en 230 hect\u00e1reas con una masa de 40.000 \u00e1rboles de diferentes edades y reforesta 35 hect\u00e1reas cada a\u00f1o. Especialmente ecol\u00f3gico por su r\u00e1pido crecimiento -una hect\u00e1rea de plantaci\u00f3n capta 5 toneladas de CO2 al a\u00f1o-, el \u00e1lamo depura el agua que [&hellip;]<\/p>\n","protected":false},"author":1,"featured_media":456,"comment_status":"closed","ping_status":"closed","sticky":false,"template":"","format":"standard","meta":{"_acf_changed":false,"footnotes":""},"categories":[23],"tags":[],"class_list":["post-1159","post","type-post","status-publish","format-standard","has-post-thumbnail","hentry","category-grupo-archimbaud"],"acf":[],"yoast_head":"<!-- This site is optimized with the Yoast SEO plugin v27.5 - https:\/\/yoast.com\/product\/yoast-seo-wordpress\/ -->\n<title>El \u00e1lamo - Un \u00e1rbol emblem\u00e1tico - Archimbaud<\/title>\n<meta name=\"robots\" content=\"index, follow, max-snippet:-1, max-image-preview:large, max-video-preview:-1\" \/>\n<link rel=\"canonical\" href=\"https:\/\/www.groupe-archimbaud.com\/es\/el-alamo-un-arbol-emblematico\/\" \/>\n<meta property=\"og:locale\" content=\"es_ES\" \/>\n<meta property=\"og:type\" content=\"article\" \/>\n<meta property=\"og:title\" content=\"El \u00e1lamo - Un \u00e1rbol emblem\u00e1tico - Archimbaud\" \/>\n<meta property=\"og:description\" content=\"El Groupement Forestier des Peupliers, creado por el Grupo Archimbaud en 2015, trabaja actualmente en 230 hect\u00e1reas con una masa de 40.000 \u00e1rboles de diferentes edades y reforesta 35 hect\u00e1reas cada a\u00f1o. Especialmente ecol\u00f3gico por su r\u00e1pido crecimiento -una hect\u00e1rea de plantaci\u00f3n capta 5 toneladas de CO2 al a\u00f1o-, el \u00e1lamo depura el agua que [&hellip;]\" \/>\n<meta property=\"og:url\" content=\"https:\/\/www.groupe-archimbaud.com\/es\/el-alamo-un-arbol-emblematico\/\" \/>\n<meta property=\"og:site_name\" content=\"Archimbaud\" \/>\n<meta property=\"article:published_time\" content=\"2020-05-15T10:02:27+00:00\" \/>\n<meta property=\"article:modified_time\" content=\"2021-06-23T15:09:09+00:00\" \/>\n<meta property=\"og:image\" content=\"https:\/\/www.groupe-archimbaud.com\/wp-content\/uploads\/2020\/12\/peuplier-actu.jpg\" \/>\n\t<meta property=\"og:image:width\" content=\"400\" \/>\n\t<meta property=\"og:image:height\" content=\"267\" \/>\n\t<meta property=\"og:image:type\" content=\"image\/jpeg\" \/>\n<meta name=\"author\" content=\"cyberscope\" \/>\n<meta name=\"twitter:card\" content=\"summary_large_image\" \/>\n<meta name=\"twitter:label1\" content=\"Escrito por\" \/>\n\t<meta name=\"twitter:data1\" content=\"cyberscope\" \/>\n<script type=\"application\/ld+json\" class=\"yoast-schema-graph\">{\"@context\":\"https:\\\/\\\/schema.org\",\"@graph\":[{\"@type\":\"Article\",\"@id\":\"https:\\\/\\\/www.groupe-archimbaud.com\\\/es\\\/el-alamo-un-arbol-emblematico\\\/#article\",\"isPartOf\":{\"@id\":\"https:\\\/\\\/www.groupe-archimbaud.com\\\/es\\\/el-alamo-un-arbol-emblematico\\\/\"},\"author\":{\"name\":\"cyberscope\",\"@id\":\"https:\\\/\\\/www.groupe-archimbaud.com\\\/es\\\/#\\\/schema\\\/person\\\/1e2646db7da374c75d3c4925de2bbae3\"},\"headline\":\"El \u00e1lamo &#8211; Un \u00e1rbol emblem\u00e1tico\",\"datePublished\":\"2020-05-15T10:02:27+00:00\",\"dateModified\":\"2021-06-23T15:09:09+00:00\",\"mainEntityOfPage\":{\"@id\":\"https:\\\/\\\/www.groupe-archimbaud.com\\\/es\\\/el-alamo-un-arbol-emblematico\\\/\"},\"wordCount\":103,\"image\":{\"@id\":\"https:\\\/\\\/www.groupe-archimbaud.com\\\/es\\\/el-alamo-un-arbol-emblematico\\\/#primaryimage\"},\"thumbnailUrl\":\"https:\\\/\\\/www.groupe-archimbaud.com\\\/wp-content\\\/uploads\\\/2020\\\/12\\\/peuplier-actu.jpg\",\"articleSection\":[\"Grupo Archimbaud\"],\"inLanguage\":\"es\"},{\"@type\":\"WebPage\",\"@id\":\"https:\\\/\\\/www.groupe-archimbaud.com\\\/es\\\/el-alamo-un-arbol-emblematico\\\/\",\"url\":\"https:\\\/\\\/www.groupe-archimbaud.com\\\/es\\\/el-alamo-un-arbol-emblematico\\\/\",\"name\":\"El \u00e1lamo - Un \u00e1rbol emblem\u00e1tico - Archimbaud\",\"isPartOf\":{\"@id\":\"https:\\\/\\\/www.groupe-archimbaud.com\\\/es\\\/#website\"},\"primaryImageOfPage\":{\"@id\":\"https:\\\/\\\/www.groupe-archimbaud.com\\\/es\\\/el-alamo-un-arbol-emblematico\\\/#primaryimage\"},\"image\":{\"@id\":\"https:\\\/\\\/www.groupe-archimbaud.com\\\/es\\\/el-alamo-un-arbol-emblematico\\\/#primaryimage\"},\"thumbnailUrl\":\"https:\\\/\\\/www.groupe-archimbaud.com\\\/wp-content\\\/uploads\\\/2020\\\/12\\\/peuplier-actu.jpg\",\"datePublished\":\"2020-05-15T10:02:27+00:00\",\"dateModified\":\"2021-06-23T15:09:09+00:00\",\"author\":{\"@id\":\"https:\\\/\\\/www.groupe-archimbaud.com\\\/es\\\/#\\\/schema\\\/person\\\/1e2646db7da374c75d3c4925de2bbae3\"},\"breadcrumb\":{\"@id\":\"https:\\\/\\\/www.groupe-archimbaud.com\\\/es\\\/el-alamo-un-arbol-emblematico\\\/#breadcrumb\"},\"inLanguage\":\"es\",\"potentialAction\":[{\"@type\":\"ReadAction\",\"target\":[\"https:\\\/\\\/www.groupe-archimbaud.com\\\/es\\\/el-alamo-un-arbol-emblematico\\\/\"]}]},{\"@type\":\"ImageObject\",\"inLanguage\":\"es\",\"@id\":\"https:\\\/\\\/www.groupe-archimbaud.com\\\/es\\\/el-alamo-un-arbol-emblematico\\\/#primaryimage\",\"url\":\"https:\\\/\\\/www.groupe-archimbaud.com\\\/wp-content\\\/uploads\\\/2020\\\/12\\\/peuplier-actu.jpg\",\"contentUrl\":\"https:\\\/\\\/www.groupe-archimbaud.com\\\/wp-content\\\/uploads\\\/2020\\\/12\\\/peuplier-actu.jpg\",\"width\":400,\"height\":267},{\"@type\":\"BreadcrumbList\",\"@id\":\"https:\\\/\\\/www.groupe-archimbaud.com\\\/es\\\/el-alamo-un-arbol-emblematico\\\/#breadcrumb\",\"itemListElement\":[{\"@type\":\"ListItem\",\"position\":1,\"name\":\"Accueil\",\"item\":\"https:\\\/\\\/www.groupe-archimbaud.com\\\/es\\\/\"},{\"@type\":\"ListItem\",\"position\":2,\"name\":\"Grupo Archimbaud\",\"item\":\"https:\\\/\\\/www.groupe-archimbaud.com\\\/es\\\/grupo-archimbaud\\\/\"},{\"@type\":\"ListItem\",\"position\":3,\"name\":\"El \u00e1lamo &#8211; Un \u00e1rbol emblem\u00e1tico\"}]},{\"@type\":\"WebSite\",\"@id\":\"https:\\\/\\\/www.groupe-archimbaud.com\\\/es\\\/#website\",\"url\":\"https:\\\/\\\/www.groupe-archimbaud.com\\\/es\\\/\",\"name\":\"Archimbaud\",\"description\":\"\",\"potentialAction\":[{\"@type\":\"SearchAction\",\"target\":{\"@type\":\"EntryPoint\",\"urlTemplate\":\"https:\\\/\\\/www.groupe-archimbaud.com\\\/es\\\/?s={search_term_string}\"},\"query-input\":{\"@type\":\"PropertyValueSpecification\",\"valueRequired\":true,\"valueName\":\"search_term_string\"}}],\"inLanguage\":\"es\"},{\"@type\":\"Person\",\"@id\":\"https:\\\/\\\/www.groupe-archimbaud.com\\\/es\\\/#\\\/schema\\\/person\\\/1e2646db7da374c75d3c4925de2bbae3\",\"name\":\"cyberscope\",\"image\":{\"@type\":\"ImageObject\",\"inLanguage\":\"es\",\"@id\":\"https:\\\/\\\/secure.gravatar.com\\\/avatar\\\/0be52e455c7164093c6a9715f6cb9dab5a89a27f4f61bb2c5282491dc426daa4?s=96&d=mm&r=g\",\"url\":\"https:\\\/\\\/secure.gravatar.com\\\/avatar\\\/0be52e455c7164093c6a9715f6cb9dab5a89a27f4f61bb2c5282491dc426daa4?s=96&d=mm&r=g\",\"contentUrl\":\"https:\\\/\\\/secure.gravatar.com\\\/avatar\\\/0be52e455c7164093c6a9715f6cb9dab5a89a27f4f61bb2c5282491dc426daa4?s=96&d=mm&r=g\",\"caption\":\"cyberscope\"}}]}<\/script>\n<!-- \/ Yoast SEO plugin. -->","yoast_head_json":{"title":"El \u00e1lamo - Un \u00e1rbol emblem\u00e1tico - Archimbaud","robots":{"index":"index","follow":"follow","max-snippet":"max-snippet:-1","max-image-preview":"max-image-preview:large","max-video-preview":"max-video-preview:-1"},"canonical":"https:\/\/www.groupe-archimbaud.com\/es\/el-alamo-un-arbol-emblematico\/","og_locale":"es_ES","og_type":"article","og_title":"El \u00e1lamo - Un \u00e1rbol emblem\u00e1tico - Archimbaud","og_description":"El Groupement Forestier des Peupliers, creado por el Grupo Archimbaud en 2015, trabaja actualmente en 230 hect\u00e1reas con una masa de 40.000 \u00e1rboles de diferentes edades y reforesta 35 hect\u00e1reas cada a\u00f1o. Especialmente ecol\u00f3gico por su r\u00e1pido crecimiento -una hect\u00e1rea de plantaci\u00f3n capta 5 toneladas de CO2 al a\u00f1o-, el \u00e1lamo depura el agua que [&hellip;]","og_url":"https:\/\/www.groupe-archimbaud.com\/es\/el-alamo-un-arbol-emblematico\/","og_site_name":"Archimbaud","article_published_time":"2020-05-15T10:02:27+00:00","article_modified_time":"2021-06-23T15:09:09+00:00","og_image":[{"width":400,"height":267,"url":"https:\/\/www.groupe-archimbaud.com\/wp-content\/uploads\/2020\/12\/peuplier-actu.jpg","type":"image\/jpeg"}],"author":"cyberscope","twitter_card":"summary_large_image","twitter_misc":{"Escrito por":"cyberscope"},"schema":{"@context":"https:\/\/schema.org","@graph":[{"@type":"Article","@id":"https:\/\/www.groupe-archimbaud.com\/es\/el-alamo-un-arbol-emblematico\/#article","isPartOf":{"@id":"https:\/\/www.groupe-archimbaud.com\/es\/el-alamo-un-arbol-emblematico\/"},"author":{"name":"cyberscope","@id":"https:\/\/www.groupe-archimbaud.com\/es\/#\/schema\/person\/1e2646db7da374c75d3c4925de2bbae3"},"headline":"El \u00e1lamo &#8211; Un \u00e1rbol emblem\u00e1tico","datePublished":"2020-05-15T10:02:27+00:00","dateModified":"2021-06-23T15:09:09+00:00","mainEntityOfPage":{"@id":"https:\/\/www.groupe-archimbaud.com\/es\/el-alamo-un-arbol-emblematico\/"},"wordCount":103,"image":{"@id":"https:\/\/www.groupe-archimbaud.com\/es\/el-alamo-un-arbol-emblematico\/#primaryimage"},"thumbnailUrl":"https:\/\/www.groupe-archimbaud.com\/wp-content\/uploads\/2020\/12\/peuplier-actu.jpg","articleSection":["Grupo Archimbaud"],"inLanguage":"es"},{"@type":"WebPage","@id":"https:\/\/www.groupe-archimbaud.com\/es\/el-alamo-un-arbol-emblematico\/","url":"https:\/\/www.groupe-archimbaud.com\/es\/el-alamo-un-arbol-emblematico\/","name":"El \u00e1lamo - Un \u00e1rbol emblem\u00e1tico - Archimbaud","isPartOf":{"@id":"https:\/\/www.groupe-archimbaud.com\/es\/#website"},"primaryImageOfPage":{"@id":"https:\/\/www.groupe-archimbaud.com\/es\/el-alamo-un-arbol-emblematico\/#primaryimage"},"image":{"@id":"https:\/\/www.groupe-archimbaud.com\/es\/el-alamo-un-arbol-emblematico\/#primaryimage"},"thumbnailUrl":"https:\/\/www.groupe-archimbaud.com\/wp-content\/uploads\/2020\/12\/peuplier-actu.jpg","datePublished":"2020-05-15T10:02:27+00:00","dateModified":"2021-06-23T15:09:09+00:00","author":{"@id":"https:\/\/www.groupe-archimbaud.com\/es\/#\/schema\/person\/1e2646db7da374c75d3c4925de2bbae3"},"breadcrumb":{"@id":"https:\/\/www.groupe-archimbaud.com\/es\/el-alamo-un-arbol-emblematico\/#breadcrumb"},"inLanguage":"es","potentialAction":[{"@type":"ReadAction","target":["https:\/\/www.groupe-archimbaud.com\/es\/el-alamo-un-arbol-emblematico\/"]}]},{"@type":"ImageObject","inLanguage":"es","@id":"https:\/\/www.groupe-archimbaud.com\/es\/el-alamo-un-arbol-emblematico\/#primaryimage","url":"https:\/\/www.groupe-archimbaud.com\/wp-content\/uploads\/2020\/12\/peuplier-actu.jpg","contentUrl":"https:\/\/www.groupe-archimbaud.com\/wp-content\/uploads\/2020\/12\/peuplier-actu.jpg","width":400,"height":267},{"@type":"BreadcrumbList","@id":"https:\/\/www.groupe-archimbaud.com\/es\/el-alamo-un-arbol-emblematico\/#breadcrumb","itemListElement":[{"@type":"ListItem","position":1,"name":"Accueil","item":"https:\/\/www.groupe-archimbaud.com\/es\/"},{"@type":"ListItem","position":2,"name":"Grupo Archimbaud","item":"https:\/\/www.groupe-archimbaud.com\/es\/grupo-archimbaud\/"},{"@type":"ListItem","position":3,"name":"El \u00e1lamo &#8211; Un \u00e1rbol emblem\u00e1tico"}]},{"@type":"WebSite","@id":"https:\/\/www.groupe-archimbaud.com\/es\/#website","url":"https:\/\/www.groupe-archimbaud.com\/es\/","name":"Archimbaud","description":"","potentialAction":[{"@type":"SearchAction","target":{"@type":"EntryPoint","urlTemplate":"https:\/\/www.groupe-archimbaud.com\/es\/?s={search_term_string}"},"query-input":{"@type":"PropertyValueSpecification","valueRequired":true,"valueName":"search_term_string"}}],"inLanguage":"es"},{"@type":"Person","@id":"https:\/\/www.groupe-archimbaud.com\/es\/#\/schema\/person\/1e2646db7da374c75d3c4925de2bbae3","name":"cyberscope","image":{"@type":"ImageObject","inLanguage":"es","@id":"https:\/\/secure.gravatar.com\/avatar\/0be52e455c7164093c6a9715f6cb9dab5a89a27f4f61bb2c5282491dc426daa4?s=96&d=mm&r=g","url":"https:\/\/secure.gravatar.com\/avatar\/0be52e455c7164093c6a9715f6cb9dab5a89a27f4f61bb2c5282491dc426daa4?s=96&d=mm&r=g","contentUrl":"https:\/\/secure.gravatar.com\/avatar\/0be52e455c7164093c6a9715f6cb9dab5a89a27f4f61bb2c5282491dc426daa4?s=96&d=mm&r=g","caption":"cyberscope"}}]}},"_links":{"self":[{"href":"https:\/\/www.groupe-archimbaud.com\/es\/wp-json\/wp\/v2\/posts\/1159","targetHints":{"allow":["GET"]}}],"collection":[{"href":"https:\/\/www.groupe-archimbaud.com\/es\/wp-json\/wp\/v2\/posts"}],"about":[{"href":"https:\/\/www.groupe-archimbaud.com\/es\/wp-json\/wp\/v2\/types\/post"}],"author":[{"embeddable":true,"href":"https:\/\/www.groupe-archimbaud.com\/es\/wp-json\/wp\/v2\/users\/1"}],"replies":[{"embeddable":true,"href":"https:\/\/www.groupe-archimbaud.com\/es\/wp-json\/wp\/v2\/comments?post=1159"}],"version-history":[{"count":2,"href":"https:\/\/www.groupe-archimbaud.com\/es\/wp-json\/wp\/v2\/posts\/1159\/revisions"}],"predecessor-version":[{"id":1163,"href":"https:\/\/www.groupe-archimbaud.com\/es\/wp-json\/wp\/v2\/posts\/1159\/revisions\/1163"}],"wp:featuredmedia":[{"embeddable":true,"href":"https:\/\/www.groupe-archimbaud.com\/es\/wp-json\/wp\/v2\/media\/456"}],"wp:attachment":[{"href":"https:\/\/www.groupe-archimbaud.com\/es\/wp-json\/wp\/v2\/media?parent=1159"}],"wp:term":[{"taxonomy":"category","embeddable":true,"href":"https:\/\/www.groupe-archimbaud.com\/es\/wp-json\/wp\/v2\/categories?post=1159"},{"taxonomy":"post_tag","embeddable":true,"href":"https:\/\/www.groupe-archimbaud.com\/es\/wp-json\/wp\/v2\/tags?post=1159"}],"curies":[{"name":"wp","href":"https:\/\/api.w.org\/{rel}","templated":true}]}}