{"id":1381,"date":"2021-10-21T09:25:10","date_gmt":"2021-10-21T08:25:10","guid":{"rendered":"https:\/\/www.groupe-archimbaud.com\/chaudiere-biomasse-pour-deux-nouveau-sechoirs-a-palettes-chez-migeon\/"},"modified":"2021-10-28T09:22:11","modified_gmt":"2021-10-28T08:22:11","slug":"chaudiere-biomasse-pour-deux-nouveau-sechoirs-a-palettes-chez-migeon","status":"publish","type":"post","link":"https:\/\/www.groupe-archimbaud.com\/es\/chaudiere-biomasse-pour-deux-nouveau-sechoirs-a-palettes-chez-migeon\/","title":{"rendered":"Caldera de biomasa para dos nuevos secadores de palets en Migeon"},"content":{"rendered":"\n\n\t<p>Iniciado a finales de 2020, el gran proyecto de modernizaci\u00f3n de la planta de producci\u00f3n de palets de Migeon (Secondigny, 79) ha llegado a su primera fase: una caldera de biomasa suministrar\u00e1 toda la energ\u00eda a dos nuevos secadores de palets que se alojar\u00e1n en un nuevo edificio de almacenamiento con estructura de madera.<\/p>\n<p>Financiado en parte con el apoyo de ADEME y France Relance, este equipamiento tiene un fuerte valor ecol\u00f3gico adem\u00e1s de econ\u00f3mico.<\/p>\n<p>La caldera de biomasa, con una capacidad t\u00e9rmica de 1,8 MW, alimentada por los subproductos del aserradero in situ, se inscribe plenamente en la estrategia de crecimiento ecol\u00f3gico del grupo Archimbaud. El valor a\u00f1adido adicional de los palets producidos en la planta reside en el contenido de humedad controlado, que nos permite satisfacer las necesidades de los clientes m\u00e1s exigentes (industria alimentaria, farmac\u00e9utica o cosm\u00e9tica). La capacidad de secado semanal de la planta es ahora de 10.000 palets.<\/p>\n<p>Estas inversiones tambi\u00e9n han permitido al Grupo Archimbaud eliminar el equivalente a 80.000 km de transporte en cami\u00f3n entre sus diferentes centros industriales para sus necesidades de secado, es decir, una reducci\u00f3n de 220 T. de CO2 cada a\u00f1o.<\/p>\n<p>Descubra el sitio de Migeon y el v\u00eddeo producido por Ademe para promover esta iniciativa como ejemplo.<\/p>\n\t\t\t\t<img decoding=\"async\" src=\"https:\/\/www.groupe-archimbaud.com\/wp-content\/uploads\/2021\/10\/chaudiere-sechoir-scaled.jpg\" alt=\"Caldera de biomasa  secadores de palets\" itemprop=\"image\" height=\"1152\" width=\"2048\" title=\"Caldera de biomasa  secadores de palets\" onerror=\"this.style.display='none'\"  \/>\n\t<iframe allowfullscreen allow=\"autoplay\" src=\"https:\/\/www.youtube.com\/embed\/_AvmFv038lg?feature=oembed&amp;start&amp;end&amp;wmode=opaque&amp;loop=0&amp;controls=1&amp;mute=0&amp;rel=0&amp;modestbranding=0\"><\/iframe>\t\n\n","protected":false},"excerpt":{"rendered":"<p>Iniciado a finales de 2020, el gran proyecto de modernizaci\u00f3n de la planta de producci\u00f3n de palets de Migeon (Secondigny, 79) ha llegado a su primera fase: una caldera de biomasa suministrar\u00e1 toda la energ\u00eda a dos nuevos secadores de palets que se alojar\u00e1n en un nuevo edificio de almacenamiento con estructura de madera.<\/p>\n","protected":false},"author":8,"featured_media":1370,"comment_status":"closed","ping_status":"closed","sticky":false,"template":"","format":"standard","meta":{"_acf_changed":false,"footnotes":""},"categories":[23],"tags":[],"class_list":["post-1381","post","type-post","status-publish","format-standard","has-post-thumbnail","hentry","category-grupo-archimbaud"],"acf":[],"yoast_head":"<!-- This site is optimized with the Yoast SEO plugin v27.5 - https:\/\/yoast.com\/product\/yoast-seo-wordpress\/ -->\n<title>Caldera de biomasa para dos nuevos secadores de palets en Migeon - Archimbaud<\/title>\n<meta name=\"robots\" content=\"index, follow, max-snippet:-1, max-image-preview:large, max-video-preview:-1\" \/>\n<link rel=\"canonical\" href=\"https:\/\/www.groupe-archimbaud.com\/es\/chaudiere-biomasse-pour-deux-nouveau-sechoirs-a-palettes-chez-migeon\/\" \/>\n<meta property=\"og:locale\" content=\"es_ES\" \/>\n<meta property=\"og:type\" content=\"article\" \/>\n<meta property=\"og:title\" content=\"Caldera de biomasa para dos nuevos secadores de palets en Migeon - Archimbaud\" \/>\n<meta property=\"og:description\" content=\"Iniciado a finales de 2020, el gran proyecto de modernizaci\u00f3n de la planta de producci\u00f3n de palets de Migeon (Secondigny, 79) ha llegado a su primera fase: una caldera de biomasa suministrar\u00e1 toda la energ\u00eda a dos nuevos secadores de palets que se alojar\u00e1n en un nuevo edificio de almacenamiento con estructura de madera.\" \/>\n<meta property=\"og:url\" content=\"https:\/\/www.groupe-archimbaud.com\/es\/chaudiere-biomasse-pour-deux-nouveau-sechoirs-a-palettes-chez-migeon\/\" \/>\n<meta property=\"og:site_name\" content=\"Archimbaud\" \/>\n<meta property=\"article:published_time\" content=\"2021-10-21T08:25:10+00:00\" \/>\n<meta property=\"article:modified_time\" content=\"2021-10-28T08:22:11+00:00\" \/>\n<meta property=\"og:image\" content=\"https:\/\/www.groupe-archimbaud.com\/wp-content\/uploads\/2021\/10\/chaudiere-sechoir-scaled.jpg\" \/>\n\t<meta property=\"og:image:width\" content=\"2048\" \/>\n\t<meta property=\"og:image:height\" content=\"1152\" \/>\n\t<meta property=\"og:image:type\" content=\"image\/jpeg\" \/>\n<meta name=\"author\" content=\"Lucie Gougeon\" \/>\n<meta name=\"twitter:card\" content=\"summary_large_image\" \/>\n<meta name=\"twitter:label1\" content=\"Escrito por\" \/>\n\t<meta name=\"twitter:data1\" content=\"Lucie Gougeon\" \/>\n\t<meta name=\"twitter:label2\" content=\"Tiempo de lectura\" \/>\n\t<meta name=\"twitter:data2\" content=\"1 minuto\" \/>\n<script type=\"application\/ld+json\" class=\"yoast-schema-graph\">{\"@context\":\"https:\\\/\\\/schema.org\",\"@graph\":[{\"@type\":\"Article\",\"@id\":\"https:\\\/\\\/www.groupe-archimbaud.com\\\/es\\\/chaudiere-biomasse-pour-deux-nouveau-sechoirs-a-palettes-chez-migeon\\\/#article\",\"isPartOf\":{\"@id\":\"https:\\\/\\\/www.groupe-archimbaud.com\\\/es\\\/chaudiere-biomasse-pour-deux-nouveau-sechoirs-a-palettes-chez-migeon\\\/\"},\"author\":{\"name\":\"Lucie Gougeon\",\"@id\":\"https:\\\/\\\/www.groupe-archimbaud.com\\\/es\\\/#\\\/schema\\\/person\\\/58aa86874ccaab1730e50fa7e099918e\"},\"headline\":\"Caldera de biomasa para dos nuevos secadores de palets en Migeon\",\"datePublished\":\"2021-10-21T08:25:10+00:00\",\"dateModified\":\"2021-10-28T08:22:11+00:00\",\"mainEntityOfPage\":{\"@id\":\"https:\\\/\\\/www.groupe-archimbaud.com\\\/es\\\/chaudiere-biomasse-pour-deux-nouveau-sechoirs-a-palettes-chez-migeon\\\/\"},\"wordCount\":232,\"image\":{\"@id\":\"https:\\\/\\\/www.groupe-archimbaud.com\\\/es\\\/chaudiere-biomasse-pour-deux-nouveau-sechoirs-a-palettes-chez-migeon\\\/#primaryimage\"},\"thumbnailUrl\":\"https:\\\/\\\/www.groupe-archimbaud.com\\\/wp-content\\\/uploads\\\/2021\\\/10\\\/chaudiere-sechoir-scaled.jpg\",\"articleSection\":[\"Grupo Archimbaud\"],\"inLanguage\":\"es\"},{\"@type\":\"WebPage\",\"@id\":\"https:\\\/\\\/www.groupe-archimbaud.com\\\/es\\\/chaudiere-biomasse-pour-deux-nouveau-sechoirs-a-palettes-chez-migeon\\\/\",\"url\":\"https:\\\/\\\/www.groupe-archimbaud.com\\\/es\\\/chaudiere-biomasse-pour-deux-nouveau-sechoirs-a-palettes-chez-migeon\\\/\",\"name\":\"Caldera de biomasa para dos nuevos secadores de palets en Migeon - Archimbaud\",\"isPartOf\":{\"@id\":\"https:\\\/\\\/www.groupe-archimbaud.com\\\/es\\\/#website\"},\"primaryImageOfPage\":{\"@id\":\"https:\\\/\\\/www.groupe-archimbaud.com\\\/es\\\/chaudiere-biomasse-pour-deux-nouveau-sechoirs-a-palettes-chez-migeon\\\/#primaryimage\"},\"image\":{\"@id\":\"https:\\\/\\\/www.groupe-archimbaud.com\\\/es\\\/chaudiere-biomasse-pour-deux-nouveau-sechoirs-a-palettes-chez-migeon\\\/#primaryimage\"},\"thumbnailUrl\":\"https:\\\/\\\/www.groupe-archimbaud.com\\\/wp-content\\\/uploads\\\/2021\\\/10\\\/chaudiere-sechoir-scaled.jpg\",\"datePublished\":\"2021-10-21T08:25:10+00:00\",\"dateModified\":\"2021-10-28T08:22:11+00:00\",\"author\":{\"@id\":\"https:\\\/\\\/www.groupe-archimbaud.com\\\/es\\\/#\\\/schema\\\/person\\\/58aa86874ccaab1730e50fa7e099918e\"},\"breadcrumb\":{\"@id\":\"https:\\\/\\\/www.groupe-archimbaud.com\\\/es\\\/chaudiere-biomasse-pour-deux-nouveau-sechoirs-a-palettes-chez-migeon\\\/#breadcrumb\"},\"inLanguage\":\"es\",\"potentialAction\":[{\"@type\":\"ReadAction\",\"target\":[\"https:\\\/\\\/www.groupe-archimbaud.com\\\/es\\\/chaudiere-biomasse-pour-deux-nouveau-sechoirs-a-palettes-chez-migeon\\\/\"]}]},{\"@type\":\"ImageObject\",\"inLanguage\":\"es\",\"@id\":\"https:\\\/\\\/www.groupe-archimbaud.com\\\/es\\\/chaudiere-biomasse-pour-deux-nouveau-sechoirs-a-palettes-chez-migeon\\\/#primaryimage\",\"url\":\"https:\\\/\\\/www.groupe-archimbaud.com\\\/wp-content\\\/uploads\\\/2021\\\/10\\\/chaudiere-sechoir-scaled.jpg\",\"contentUrl\":\"https:\\\/\\\/www.groupe-archimbaud.com\\\/wp-content\\\/uploads\\\/2021\\\/10\\\/chaudiere-sechoir-scaled.jpg\",\"width\":2048,\"height\":1152},{\"@type\":\"BreadcrumbList\",\"@id\":\"https:\\\/\\\/www.groupe-archimbaud.com\\\/es\\\/chaudiere-biomasse-pour-deux-nouveau-sechoirs-a-palettes-chez-migeon\\\/#breadcrumb\",\"itemListElement\":[{\"@type\":\"ListItem\",\"position\":1,\"name\":\"Accueil\",\"item\":\"https:\\\/\\\/www.groupe-archimbaud.com\\\/es\\\/\"},{\"@type\":\"ListItem\",\"position\":2,\"name\":\"Grupo Archimbaud\",\"item\":\"https:\\\/\\\/www.groupe-archimbaud.com\\\/es\\\/grupo-archimbaud\\\/\"},{\"@type\":\"ListItem\",\"position\":3,\"name\":\"Caldera de biomasa para dos nuevos secadores de palets en Migeon\"}]},{\"@type\":\"WebSite\",\"@id\":\"https:\\\/\\\/www.groupe-archimbaud.com\\\/es\\\/#website\",\"url\":\"https:\\\/\\\/www.groupe-archimbaud.com\\\/es\\\/\",\"name\":\"Archimbaud\",\"description\":\"\",\"potentialAction\":[{\"@type\":\"SearchAction\",\"target\":{\"@type\":\"EntryPoint\",\"urlTemplate\":\"https:\\\/\\\/www.groupe-archimbaud.com\\\/es\\\/?s={search_term_string}\"},\"query-input\":{\"@type\":\"PropertyValueSpecification\",\"valueRequired\":true,\"valueName\":\"search_term_string\"}}],\"inLanguage\":\"es\"},{\"@type\":\"Person\",\"@id\":\"https:\\\/\\\/www.groupe-archimbaud.com\\\/es\\\/#\\\/schema\\\/person\\\/58aa86874ccaab1730e50fa7e099918e\",\"name\":\"Lucie Gougeon\",\"image\":{\"@type\":\"ImageObject\",\"inLanguage\":\"es\",\"@id\":\"https:\\\/\\\/secure.gravatar.com\\\/avatar\\\/f89300f28d266c498e754f74be71bdebfd029b0f8862a3ddfda64de22a4cf5fe?s=96&d=mm&r=g\",\"url\":\"https:\\\/\\\/secure.gravatar.com\\\/avatar\\\/f89300f28d266c498e754f74be71bdebfd029b0f8862a3ddfda64de22a4cf5fe?s=96&d=mm&r=g\",\"contentUrl\":\"https:\\\/\\\/secure.gravatar.com\\\/avatar\\\/f89300f28d266c498e754f74be71bdebfd029b0f8862a3ddfda64de22a4cf5fe?s=96&d=mm&r=g\",\"caption\":\"Lucie Gougeon\"}}]}<\/script>\n<!-- \/ Yoast SEO plugin. -->","yoast_head_json":{"title":"Caldera de biomasa para dos nuevos secadores de palets en Migeon - Archimbaud","robots":{"index":"index","follow":"follow","max-snippet":"max-snippet:-1","max-image-preview":"max-image-preview:large","max-video-preview":"max-video-preview:-1"},"canonical":"https:\/\/www.groupe-archimbaud.com\/es\/chaudiere-biomasse-pour-deux-nouveau-sechoirs-a-palettes-chez-migeon\/","og_locale":"es_ES","og_type":"article","og_title":"Caldera de biomasa para dos nuevos secadores de palets en Migeon - Archimbaud","og_description":"Iniciado a finales de 2020, el gran proyecto de modernizaci\u00f3n de la planta de producci\u00f3n de palets de Migeon (Secondigny, 79) ha llegado a su primera fase: una caldera de biomasa suministrar\u00e1 toda la energ\u00eda a dos nuevos secadores de palets que se alojar\u00e1n en un nuevo edificio de almacenamiento con estructura de madera.","og_url":"https:\/\/www.groupe-archimbaud.com\/es\/chaudiere-biomasse-pour-deux-nouveau-sechoirs-a-palettes-chez-migeon\/","og_site_name":"Archimbaud","article_published_time":"2021-10-21T08:25:10+00:00","article_modified_time":"2021-10-28T08:22:11+00:00","og_image":[{"width":2048,"height":1152,"url":"https:\/\/www.groupe-archimbaud.com\/wp-content\/uploads\/2021\/10\/chaudiere-sechoir-scaled.jpg","type":"image\/jpeg"}],"author":"Lucie Gougeon","twitter_card":"summary_large_image","twitter_misc":{"Escrito por":"Lucie Gougeon","Tiempo de lectura":"1 minuto"},"schema":{"@context":"https:\/\/schema.org","@graph":[{"@type":"Article","@id":"https:\/\/www.groupe-archimbaud.com\/es\/chaudiere-biomasse-pour-deux-nouveau-sechoirs-a-palettes-chez-migeon\/#article","isPartOf":{"@id":"https:\/\/www.groupe-archimbaud.com\/es\/chaudiere-biomasse-pour-deux-nouveau-sechoirs-a-palettes-chez-migeon\/"},"author":{"name":"Lucie Gougeon","@id":"https:\/\/www.groupe-archimbaud.com\/es\/#\/schema\/person\/58aa86874ccaab1730e50fa7e099918e"},"headline":"Caldera de biomasa para dos nuevos secadores de palets en Migeon","datePublished":"2021-10-21T08:25:10+00:00","dateModified":"2021-10-28T08:22:11+00:00","mainEntityOfPage":{"@id":"https:\/\/www.groupe-archimbaud.com\/es\/chaudiere-biomasse-pour-deux-nouveau-sechoirs-a-palettes-chez-migeon\/"},"wordCount":232,"image":{"@id":"https:\/\/www.groupe-archimbaud.com\/es\/chaudiere-biomasse-pour-deux-nouveau-sechoirs-a-palettes-chez-migeon\/#primaryimage"},"thumbnailUrl":"https:\/\/www.groupe-archimbaud.com\/wp-content\/uploads\/2021\/10\/chaudiere-sechoir-scaled.jpg","articleSection":["Grupo Archimbaud"],"inLanguage":"es"},{"@type":"WebPage","@id":"https:\/\/www.groupe-archimbaud.com\/es\/chaudiere-biomasse-pour-deux-nouveau-sechoirs-a-palettes-chez-migeon\/","url":"https:\/\/www.groupe-archimbaud.com\/es\/chaudiere-biomasse-pour-deux-nouveau-sechoirs-a-palettes-chez-migeon\/","name":"Caldera de biomasa para dos nuevos secadores de palets en Migeon - Archimbaud","isPartOf":{"@id":"https:\/\/www.groupe-archimbaud.com\/es\/#website"},"primaryImageOfPage":{"@id":"https:\/\/www.groupe-archimbaud.com\/es\/chaudiere-biomasse-pour-deux-nouveau-sechoirs-a-palettes-chez-migeon\/#primaryimage"},"image":{"@id":"https:\/\/www.groupe-archimbaud.com\/es\/chaudiere-biomasse-pour-deux-nouveau-sechoirs-a-palettes-chez-migeon\/#primaryimage"},"thumbnailUrl":"https:\/\/www.groupe-archimbaud.com\/wp-content\/uploads\/2021\/10\/chaudiere-sechoir-scaled.jpg","datePublished":"2021-10-21T08:25:10+00:00","dateModified":"2021-10-28T08:22:11+00:00","author":{"@id":"https:\/\/www.groupe-archimbaud.com\/es\/#\/schema\/person\/58aa86874ccaab1730e50fa7e099918e"},"breadcrumb":{"@id":"https:\/\/www.groupe-archimbaud.com\/es\/chaudiere-biomasse-pour-deux-nouveau-sechoirs-a-palettes-chez-migeon\/#breadcrumb"},"inLanguage":"es","potentialAction":[{"@type":"ReadAction","target":["https:\/\/www.groupe-archimbaud.com\/es\/chaudiere-biomasse-pour-deux-nouveau-sechoirs-a-palettes-chez-migeon\/"]}]},{"@type":"ImageObject","inLanguage":"es","@id":"https:\/\/www.groupe-archimbaud.com\/es\/chaudiere-biomasse-pour-deux-nouveau-sechoirs-a-palettes-chez-migeon\/#primaryimage","url":"https:\/\/www.groupe-archimbaud.com\/wp-content\/uploads\/2021\/10\/chaudiere-sechoir-scaled.jpg","contentUrl":"https:\/\/www.groupe-archimbaud.com\/wp-content\/uploads\/2021\/10\/chaudiere-sechoir-scaled.jpg","width":2048,"height":1152},{"@type":"BreadcrumbList","@id":"https:\/\/www.groupe-archimbaud.com\/es\/chaudiere-biomasse-pour-deux-nouveau-sechoirs-a-palettes-chez-migeon\/#breadcrumb","itemListElement":[{"@type":"ListItem","position":1,"name":"Accueil","item":"https:\/\/www.groupe-archimbaud.com\/es\/"},{"@type":"ListItem","position":2,"name":"Grupo Archimbaud","item":"https:\/\/www.groupe-archimbaud.com\/es\/grupo-archimbaud\/"},{"@type":"ListItem","position":3,"name":"Caldera de biomasa para dos nuevos secadores de palets en Migeon"}]},{"@type":"WebSite","@id":"https:\/\/www.groupe-archimbaud.com\/es\/#website","url":"https:\/\/www.groupe-archimbaud.com\/es\/","name":"Archimbaud","description":"","potentialAction":[{"@type":"SearchAction","target":{"@type":"EntryPoint","urlTemplate":"https:\/\/www.groupe-archimbaud.com\/es\/?s={search_term_string}"},"query-input":{"@type":"PropertyValueSpecification","valueRequired":true,"valueName":"search_term_string"}}],"inLanguage":"es"},{"@type":"Person","@id":"https:\/\/www.groupe-archimbaud.com\/es\/#\/schema\/person\/58aa86874ccaab1730e50fa7e099918e","name":"Lucie Gougeon","image":{"@type":"ImageObject","inLanguage":"es","@id":"https:\/\/secure.gravatar.com\/avatar\/f89300f28d266c498e754f74be71bdebfd029b0f8862a3ddfda64de22a4cf5fe?s=96&d=mm&r=g","url":"https:\/\/secure.gravatar.com\/avatar\/f89300f28d266c498e754f74be71bdebfd029b0f8862a3ddfda64de22a4cf5fe?s=96&d=mm&r=g","contentUrl":"https:\/\/secure.gravatar.com\/avatar\/f89300f28d266c498e754f74be71bdebfd029b0f8862a3ddfda64de22a4cf5fe?s=96&d=mm&r=g","caption":"Lucie Gougeon"}}]}},"_links":{"self":[{"href":"https:\/\/www.groupe-archimbaud.com\/es\/wp-json\/wp\/v2\/posts\/1381","targetHints":{"allow":["GET"]}}],"collection":[{"href":"https:\/\/www.groupe-archimbaud.com\/es\/wp-json\/wp\/v2\/posts"}],"about":[{"href":"https:\/\/www.groupe-archimbaud.com\/es\/wp-json\/wp\/v2\/types\/post"}],"author":[{"embeddable":true,"href":"https:\/\/www.groupe-archimbaud.com\/es\/wp-json\/wp\/v2\/users\/8"}],"replies":[{"embeddable":true,"href":"https:\/\/www.groupe-archimbaud.com\/es\/wp-json\/wp\/v2\/comments?post=1381"}],"version-history":[{"count":3,"href":"https:\/\/www.groupe-archimbaud.com\/es\/wp-json\/wp\/v2\/posts\/1381\/revisions"}],"predecessor-version":[{"id":1391,"href":"https:\/\/www.groupe-archimbaud.com\/es\/wp-json\/wp\/v2\/posts\/1381\/revisions\/1391"}],"wp:featuredmedia":[{"embeddable":true,"href":"https:\/\/www.groupe-archimbaud.com\/es\/wp-json\/wp\/v2\/media\/1370"}],"wp:attachment":[{"href":"https:\/\/www.groupe-archimbaud.com\/es\/wp-json\/wp\/v2\/media?parent=1381"}],"wp:term":[{"taxonomy":"category","embeddable":true,"href":"https:\/\/www.groupe-archimbaud.com\/es\/wp-json\/wp\/v2\/categories?post=1381"},{"taxonomy":"post_tag","embeddable":true,"href":"https:\/\/www.groupe-archimbaud.com\/es\/wp-json\/wp\/v2\/tags?post=1381"}],"curies":[{"name":"wp","href":"https:\/\/api.w.org\/{rel}","templated":true}]}}